{"id":45882,"date":"2025-08-09T09:57:25","date_gmt":"2025-08-09T07:57:25","guid":{"rendered":"https:\/\/www.zum.de\/portal\/?p=45882"},"modified":"2025-08-09T10:11:05","modified_gmt":"2025-08-09T08:11:05","slug":"digitale-schreibarrangements","status":"publish","type":"post","link":"https:\/\/www.zum.de\/portal\/digitale-schreibarrangements\/","title":{"rendered":"Grundschule: Digitale Schreibarrangements"},"content":{"rendered":"<p>Im Rahmen des Masterseminars an der P\u00e4dagogischen Hochschule Karlsruhe &#8222;Digitale Schreibarrangements in der Primarstufe&#8220; (WiSe 2024\/25), geleitet von Kathrin Heller, wurden verschiedene Projektarbeiten durchgef\u00fchrt. Es entstanden digitale Schreibarrangements im <a href=\"https:\/\/grundschullernportal.zum.de\/wiki\/PH_Karlsruhe\/_Deutsch\/_digitale_Schreibarrangements\/Argumentation\">Grundschullernportal der ZUM e.V.<\/a> f\u00fcr den Deutschunterricht ab Klasse 3.<br \/>\n<img decoding=\"async\" src=\"https:\/\/www.zum.de\/portal\/wp-content\/uploads\/Digitales_Schreibarrangement_Argumentation.jpg\"><br \/>\nSoll der Sportunterricht drau\u00dfen stattfinden?\u00a0 Mit dieser motivierenden Leitfrage steigen die Sch\u00fcler:innen in ein auf 2-3 Schulstunden ausgelegtes digitales Schreibprojekt ein. Nach dem Sammeln von m\u00f6glichen Argumenten in einer interaktiven digitalen Mindmap verfassen die Lernenden eine eigene Argumentation in dem Grundschullernportal. Als Hilfestellung stehen ihnen Formulierungshilfen zur Verf\u00fcgung. Im Anschluss daran erhalten sie gezieltes Peer-Feedback, indem ihr\/ihre Schreibkonferenzpartner:in eine Checkliste ausf\u00fcllt. Nach einer \u00dcberarbeitungsphase werden zum Abschluss ausgew\u00e4hlte Texte im Plenum pr\u00e4sentiert und daraufhin die Entscheidung getroffen, ob die n\u00e4chste Sportstunde tats\u00e4chlich drau\u00dfen stattfindet oder nicht.<\/p>\n<h3><a href=\"https:\/\/grundschullernportal.zum.de\/wiki\/PH_Karlsruhe\/_Deutsch\/_digitale_Schreibarrangements\/Rezept\">Interaktiver Lernpfad: Wir schreiben Rezepte f\u00fcr unser Klassenfest!<\/a><\/h3>\n<p>Zum Schuljahresende plant die Klasse ein gemeinsames Klassenfest &#8211; jede:r bringt daf\u00fcr etwas Selbstgemachtes zu essen mit. Mithilfe unseres Lernpfades lernen die Sch\u00fcler:innen, wie man ein Rezept richtig aufbaut und schreibt. Dabei geht es nicht nur um die Zutaten und die Zubereitung, sondern auch darum, Texte klar zu strukturieren, Schritte genau zu erkl\u00e4ren und am Ende vielleicht noch einen kleinen Tipp zu geben. Durch ein kurzes Youtube-Video\u00a0wird den Sch\u00fcler:innen\u00a0die Struktur eines Rezeptes n\u00e4hergebracht. Daraufhin d\u00fcrfen sie eigenst\u00e4ndig abwechslungsreiche Aufgaben bearbeiten, bei denen sie direkt Feedback bekommen. Der Schreibprozess findet im ZUM-Pad statt und wird durchgehend von einer Checkliste begleitet. Die Sch\u00fclerInnen starten mit ihrem selbst erstellen Schreibplan und schreiben daraufhin ihren ersten Rezeptentwurf und \u00fcberarbeiten diesen. Dann kommt es zum spannendsten Teil des Lernpfades, bei dem die Sch\u00fclerInnen alle ein Rezept mit nach Hause nehmen d\u00fcrfen und dieses f\u00fcr das Klassenfest zubereiten. Sie schreiben ein Feedback zu diesem Rezept und bringen es nach dem Klassenfest wieder mit in den Unterricht. Mithilfe des Feedbacks findet jeweils die finale \u00dcberarbeitung aller Rezepte statt und die Klasse hat gemeinsam vielf\u00e4ltige Rezepte erstellt, woraus ein digitales Kochbuch gestaltet werden kann, auf das jede:r Sch\u00fcler:in Zugriff hat.<\/p>\n<h3><a href=\"https:\/\/grundschullernportal.zum.de\/wiki\/PH_Karlsruhe\/_Deutsch\/_digitale_Schreibarrangements\/Brief2\">Interaktiver Lernpfad &#8222;Einen pers\u00f6nlichen Brief schreiben&#8220;<\/a><\/h3>\n<p><img decoding=\"async\" src=\"https:\/\/www.zum.de\/portal\/wp-content\/uploads\/Lernpfad_Brief.jpg\" \/><br \/>\nThema und Ziel unseres Lernpfades ist es, einen pers\u00f6nlichen Brief \u00fcber die Sommerferien zu schreiben. Mithilfe digitaler \u00dcbungsaufgaben sollen die Sch\u00fcler:innen zum einen den Aufbau eines pers\u00f6nlichen Briefes kennenlernen und zum anderen selbst einen Brief schreiben. Indem die Sch\u00fcler:innen vorab ihre ersten Schreibideen im ZUM-Pad festhalten, wird der Fokus auf den Schreibprozess gelegt. Zudem k\u00f6nnen sie auf die ZUM-Pads ihrer Mitsch\u00fcler:innen zugreifen, um sich von deren Ideen inspirieren zu lassen. Anschlie\u00dfend schreiben die Sch\u00fcler:innen auf dieser Grundlage ihren Brief auf Briefpapier. Abschlie\u00dfend wird der Brief einmal selbst mithilfe einer Checkliste kontrolliert und daraufhin kollaborativ mithilfe einer weiteren Checkliste in Form einer Schreibkonferenz \u00fcberarbeitet. F\u00fcr weitere Einsichten in den Lernpfad gibt es weitere Informationen f\u00fcr Lehrkr\u00e4fte.\u00a0<\/p>\n<h3><a href=\"https:\/\/grundschullernportal.zum.de\/wiki\/PH_Karlsruhe\/_Deutsch\/_digitale_Schreibarrangements\/Brief\">Interaktiver Lernpfad \u2013 Eine E-Mail an Otto Otter schreiben!<\/a><\/h3>\n<p><img decoding=\"async\" src=\"https:\/\/www.zum.de\/portal\/wp-content\/uploads\/Lernpfad_Email.jpg\" \/><br \/>\nIn unserem Lernpfad lernen und \u00fcben die Kinder, wie sie eine korrekte und vollst\u00e4ndige E-Mail schreiben.<br \/>\nDurch die spielerischen Aufgaben f\u00fchrt sie das Klassentier Otto Otter, was eine vertraute Atmosph\u00e4re und einen motivierenden Kontext schafft.\u00a0Die grundlegende Textsorte der Schreibaufgabe ist die Argumentation: Ihre Aufgabe ist es, Otto Otter in der Entscheidung zu unterst\u00fctzen, was das n\u00e4chste Ziel f\u00fcr den Klassenausflug sein soll.\u00a0Die Kinder werden bei der Textproduktion am Ende des Lernpfads durch verschiedene Hilfestellungen auf einer Merkseite wie z.B. Textprozeduren, Merkmale zum Aufbau einer E-Mail und Gru\u00dfformeln unterst\u00fctzt.<br \/>\nGest\u00fctzt wird der \u00dcberarbeitungsprozess der Schreibaufgaben durch die Anwendung der Textlupe, durch die sich die Sch\u00fcler:innen gegenseitig Feedback zu ihren verfassten E-Mails geben k\u00f6nnen.<\/p>\n<p><strong>Neugierig geworden? Die Lernpfade stehen als Open Educational Resources (OER) im Grundschullernportal der ZUM zur Verf\u00fcgung und k\u00f6nnen an die Lerngruppe angepasst werden. Dort finden Sie au\u00dferdem viele weitere Lern- und Lesepfade, die von Studierenden konzipiert wurden. Viel Spa\u00df beim Ausprobieren!<\/strong><\/p>\n<p><i>Kathrin Heller<\/i><\/p>\n<div class=\"shariff shariff-align-flex-start shariff-widget-align-flex-start\" style=\"display:none\" data-url=\"https%3A%2F%2Fwww.zum.de%2Fportal%2Fdigitale-schreibarrangements%2F\" data-timestamp=\"1754734265\" data-backendurl=\"https:\/\/www.zum.de\/portal\/wp-json\/shariff\/v1\/share_counts?\"><div class=\"ShariffHeadline\">Teilen<\/div><ul class=\"shariff-buttons theme-round orientation-horizontal buttonsize-medium\"><li class=\"shariff-button whatsapp shariff-nocustomcolor shariff-mobile\" style=\"background-color:#5cbe4a\"><a href=\"https:\/\/api.whatsapp.com\/send?text=https%3A%2F%2Fwww.zum.de%2Fportal%2Fdigitale-schreibarrangements%2F%20Grundschule%3A%20Digitale%20Schreibarrangements\" title=\"Bei Whatsapp teilen\" aria-label=\"Bei Whatsapp teilen\" role=\"button\" rel=\"noopener nofollow\" class=\"shariff-link\" style=\"; background-color:#34af23; color:#fff\" target=\"_blank\"><span class=\"shariff-icon\" style=\"\"><svg width=\"32px\" height=\"20px\" xmlns=\"http:\/\/www.w3.org\/2000\/svg\" viewBox=\"0 0 32 32\"><path fill=\"#34af23\" d=\"M17.6 17.4q0.2 0 1.7 0.8t1.6 0.9q0 0.1 0 0.3 0 0.6-0.3 1.4-0.3 0.7-1.3 1.2t-1.8 0.5q-1 0-3.4-1.1-1.7-0.8-3-2.1t-2.6-3.3q-1.3-1.9-1.3-3.5v-0.1q0.1-1.6 1.3-2.8 0.4-0.4 0.9-0.4 0.1 0 0.3 0t0.3 0q0.3 0 0.5 0.1t0.3 0.5q0.1 0.4 0.6 1.6t0.4 1.3q0 0.4-0.6 1t-0.6 0.8q0 0.1 0.1 0.3 0.6 1.3 1.8 2.4 1 0.9 2.7 1.8 0.2 0.1 0.4 0.1 0.3 0 1-0.9t0.9-0.9zM14 26.9q2.3 0 4.3-0.9t3.6-2.4 2.4-3.6 0.9-4.3-0.9-4.3-2.4-3.6-3.6-2.4-4.3-0.9-4.3 0.9-3.6 2.4-2.4 3.6-0.9 4.3q0 3.6 2.1 6.6l-1.4 4.2 4.3-1.4q2.8 1.9 6.2 1.9zM14 2.2q2.7 0 5.2 1.1t4.3 2.9 2.9 4.3 1.1 5.2-1.1 5.2-2.9 4.3-4.3 2.9-5.2 1.1q-3.5 0-6.5-1.7l-7.4 2.4 2.4-7.2q-1.9-3.2-1.9-6.9 0-2.7 1.1-5.2t2.9-4.3 4.3-2.9 5.2-1.1z\"\/><\/svg><\/span><\/a><\/li><li class=\"shariff-button mailto shariff-nocustomcolor\" style=\"background-color:#a8a8a8\"><a href=\"mailto:?body=https%3A%2F%2Fwww.zum.de%2Fportal%2Fdigitale-schreibarrangements%2F&subject=Grundschule%3A%20Digitale%20Schreibarrangements\" title=\"Per E-Mail versenden\" aria-label=\"Per E-Mail versenden\" role=\"button\" rel=\"noopener nofollow\" class=\"shariff-link\" style=\"; background-color:#999; color:#fff\"><span class=\"shariff-icon\" style=\"\"><svg width=\"32px\" height=\"20px\" xmlns=\"http:\/\/www.w3.org\/2000\/svg\" viewBox=\"0 0 32 32\"><path fill=\"#999\" d=\"M32 12.7v14.2q0 1.2-0.8 2t-2 0.9h-26.3q-1.2 0-2-0.9t-0.8-2v-14.2q0.8 0.9 1.8 1.6 6.5 4.4 8.9 6.1 1 0.8 1.6 1.2t1.7 0.9 2 0.4h0.1q0.9 0 2-0.4t1.7-0.9 1.6-1.2q3-2.2 8.9-6.1 1-0.7 1.8-1.6zM32 7.4q0 1.4-0.9 2.7t-2.2 2.2q-6.7 4.7-8.4 5.8-0.2 0.1-0.7 0.5t-1 0.7-0.9 0.6-1.1 0.5-0.9 0.2h-0.1q-0.4 0-0.9-0.2t-1.1-0.5-0.9-0.6-1-0.7-0.7-0.5q-1.6-1.1-4.7-3.2t-3.6-2.6q-1.1-0.7-2.1-2t-1-2.5q0-1.4 0.7-2.3t2.1-0.9h26.3q1.2 0 2 0.8t0.9 2z\"\/><\/svg><\/span><\/a><\/li><\/ul><\/div>","protected":false},"excerpt":{"rendered":"<p>Im Rahmen des Masterseminars an der P\u00e4dagogischen Hochschule Karlsruhe &#8222;Digitale Schreibarrangements in der Primarstufe&#8220; (WiSe 2024\/25), geleitet von Kathrin Heller, wurden verschiedene Projektarbeiten durchgef\u00fchrt. Es entstanden digitale Schreibarrangements im Grundschullernportal [&hellip;]<\/p>\n","protected":false},"author":278,"featured_media":45883,"comment_status":"closed","ping_status":"open","sticky":false,"template":"","format":"standard","meta":{"_acf_changed":false,"gastautor_name":"","gastautor_foto":"","gastautor_funktion":"","gastautor_beschreibung":"","gastautor_css":"","testimonial_foto":"","testimonial_funktion":"","testimonial_zitat":"","testimonial_css":"","zum_angebot_logo":"","zum_angebot_farbe":"","zum_angebot_link":"","zum_angebot_beschreibung":"","myguten_meta_block_field":"","footnotes":""},"categories":[1],"tags":[],"class_list":["post-45882","post","type-post","status-publish","format-standard","has-post-thumbnail","hentry","category-allgemein"],"acf":{"gastbeitrag":"0","titel_name":"","foto_gast":"","beschreibung_des_gastautor":""},"_links":{"self":[{"href":"https:\/\/www.zum.de\/portal\/wp-json\/wp\/v2\/posts\/45882","targetHints":{"allow":["GET"]}}],"collection":[{"href":"https:\/\/www.zum.de\/portal\/wp-json\/wp\/v2\/posts"}],"about":[{"href":"https:\/\/www.zum.de\/portal\/wp-json\/wp\/v2\/types\/post"}],"author":[{"embeddable":true,"href":"https:\/\/www.zum.de\/portal\/wp-json\/wp\/v2\/users\/278"}],"replies":[{"embeddable":true,"href":"https:\/\/www.zum.de\/portal\/wp-json\/wp\/v2\/comments?post=45882"}],"version-history":[{"count":8,"href":"https:\/\/www.zum.de\/portal\/wp-json\/wp\/v2\/posts\/45882\/revisions"}],"predecessor-version":[{"id":45900,"href":"https:\/\/www.zum.de\/portal\/wp-json\/wp\/v2\/posts\/45882\/revisions\/45900"}],"wp:featuredmedia":[{"embeddable":true,"href":"https:\/\/www.zum.de\/portal\/wp-json\/wp\/v2\/media\/45883"}],"wp:attachment":[{"href":"https:\/\/www.zum.de\/portal\/wp-json\/wp\/v2\/media?parent=45882"}],"wp:term":[{"taxonomy":"category","embeddable":true,"href":"https:\/\/www.zum.de\/portal\/wp-json\/wp\/v2\/categories?post=45882"},{"taxonomy":"post_tag","embeddable":true,"href":"https:\/\/www.zum.de\/portal\/wp-json\/wp\/v2\/tags?post=45882"}],"curies":[{"name":"wp","href":"https:\/\/api.w.org\/{rel}","templated":true}]}}