{"id":51686,"date":"2026-03-08T13:47:46","date_gmt":"2026-03-08T12:47:46","guid":{"rendered":"https:\/\/www.zum.de\/portal\/?p=51686"},"modified":"2026-03-10T08:47:47","modified_gmt":"2026-03-10T07:47:47","slug":"h5p-hamburg-community-event-2026-quo-vadis-h5p","status":"publish","type":"post","link":"https:\/\/www.zum.de\/portal\/h5p-hamburg-community-event-2026-quo-vadis-h5p\/","title":{"rendered":"H5P Hamburg Community Event 2026: Quo vadis, H5P?"},"content":{"rendered":"<p>Nach dem ersten <strong>Hamburger H5P Happening 2025 <\/strong>\u2013 organisiert von <strong>Oliver Tacke<\/strong> \u2013 folgte in diesem Jahr die offizielle Einladung durch die <strong>H5P Group<\/strong>. Das Interesse war gro\u00df: Ein internationales Publikum, unter anderem aus der T\u00fcrkei, Rum\u00e4nien, Estland, Finnland, D\u00e4nemark und weiteren L\u00e4ndern, traf sich an der HAW Hamburg.<\/p>\n<h4>Ein Tag voll Inspiration &amp; Austausch<\/h4>\n<p>Begr\u00fc\u00dft wurden die G\u00e4ste von <strong>Nils Viken<\/strong> (H5P Group) und <strong>Kelly Choi<\/strong> (H5P-Community-Managerin), die durch den Tag f\u00fchrten. Im Mittelpunkt standen Lightning Talks aus der Community \u2013 kurze, pr\u00e4gnante Vortr\u00e4ge, die die Vielfalt von H5P zeigten.<br \/>\n<img decoding=\"async\" style=\"padding: 10px;\" src=\"https:\/\/www.zum.de\/portal\/wp-content\/uploads\/quovadis1.jpg\" \/><br \/>\nBesonders beeindruckend f\u00fcr mich als OER-Influencer war der Vortrag von Peter Leth aus D\u00e4nemark: ein Appell f\u00fcr Zusammenarbeit nach den Standards von OEP (Open Educational Practices) und OER, unterst\u00fctzt durch die CC-Lizenzen.<br \/>\nPraktische Tipps, wie z. B. die Grundlagen f\u00fcr Escape Rooms mit H5P und das dazugeh\u00f6rige Storytelling wurden von Ceren Calici aus der T\u00fcrkei vorgestellt.<\/p>\n<h4>ZUM-Apps und die H5P-Workflows<\/h4>\n<p>Zusammen mit <strong>Arne Spielhoff<\/strong> vom ZUM-Apps-Adminteam vertrat ich die <strong>ZUM e.V.<\/strong> auf dem Event. Im Anschluss an Ceren durfte ich im Rahmen eines Lightning Talks den <strong>H5P-OER-Hub<\/strong> vorstellen \u2013 von seiner Entwicklung vom internen Wiki-Tool hin zum offenen OER-Speicher mit Community-Strukturen.<br \/>\n<img decoding=\"async\" style=\"padding:10px 10px 3px 10px;\" src=\"https:\/\/www.zum.de\/portal\/wp-content\/uploads\/quovadis2.jpg\" \/><br \/>\n<small>Foto: Peter Leth<\/small><br \/>\nDer zweite Teil meines Vortrags widmete sich den H5P-Workflows und ihren sechs Schwerpunktthemen, unterst\u00fctzt durch zahlreiche beeindruckende Beispiele aus der <strong>ZUM-Apps-Community<\/strong>. Das sehr kompetente Publikum zeigte besonders gro\u00dfes Interesse an diesem Teil \u2013 und daran, wie die ZUM ihre Community unterst\u00fctzt und mit ihr interagiert.<\/p>\n<h4>H5P Pain Points<\/h4>\n<p>Die <strong>&#8222;H5P Pain Points&#8220;,<\/strong> moderiert vom \u201eH5P-Dinosaurier\u201c <strong>Oliver Tacke<\/strong>, sammelte die gr\u00f6\u00dften \u201eBauchschmerzen\u201c der Community.<br \/>\nNils betonte in seinen Er\u00f6ffnungsworten das Ziel von H5P:<br \/>\n<em>\u201eWir wollen Menschen erm\u00e4chtigen, freies Bildungsmaterial zu erstellen.\u201c<\/em><br \/>\n<img decoding=\"async\" style=\"padding: 10px;\" src=\"https:\/\/www.zum.de\/portal\/wp-content\/uploads\/quovadis3.jpg\" \/><br \/>\nDoch genau daran wird sich H5P messen lassen m\u00fcssen, speziell bei der deutlich schnelleren Bearbeitung von neuen Inhaltstypen f\u00fcr die Aufnahme in den H5P-Kern. Die aktuellen Wartezeiten in der Pipeline bewegen sich in der Regel im Bereich von Jahren.<\/p>\n<h4>\u201eQuo vadis, H5P?\u201c \u2013 Eine Frage ohne einfache Antwort<\/h4>\n<p>Das <strong>H5P Hamburg Event 2026<\/strong> zeigte: Die Community ist <strong>lebendig, engagiert und voller Ideen.<\/strong><br \/>\nDamit H5P als Bestandteil der digitalen Infrastruktur in unserem Bildungssystem langfristig erfolgreich bleibt, braucht es ein <strong>eindeutiges Statement von D2L zur Open-Source-Sparte<\/strong>, verbunden mit den n\u00f6tigen Ressourcen.<br \/>\nIn vielen pers\u00f6nlichen Gespr\u00e4chen mit Community-Mitgliedern war dies ein zentrales Thema: <strong>\u201eDie Zukunft von H5P muss mitgedacht werden\u201c<\/strong>, konkret:<\/p>\n<ul>\n<li><strong>Wie sieht eine \u201eExit-Strategie\u201c aus<\/strong>, falls die H5P Group ihre Rolle nicht mehr erf\u00fcllen kann?<\/li>\n<li><strong>Wer \u00fcbernimmt die Verantwortung<\/strong> f\u00fcr die vielen Nutzer:innen weltweit, die H5P t\u00e4glich im Bildungsbereich einsetzen?<\/li>\n<li><strong>Wie bleibt H5P nachhaltig<\/strong> \u2013 auch ohne zentrale Steuerung?<\/li>\n<\/ul>\n<p>Die Frage \u201eQuo vadis, H5P?\u201c bleibt offen \u2013 aber die Diskussion hat begonnen.<\/p>\n<p><i>Patrick Oberd\u00f6rfer<\/i><\/p>\n<div class=\"shariff shariff-align-flex-start shariff-widget-align-flex-start\" style=\"display:none\" data-url=\"https%3A%2F%2Fwww.zum.de%2Fportal%2Fh5p-hamburg-community-event-2026-quo-vadis-h5p%2F\" data-timestamp=\"1773132467\" data-backendurl=\"https:\/\/www.zum.de\/portal\/wp-json\/shariff\/v1\/share_counts?\"><div class=\"ShariffHeadline\">Teilen<\/div><ul class=\"shariff-buttons theme-round orientation-horizontal buttonsize-medium\"><li class=\"shariff-button whatsapp shariff-nocustomcolor shariff-mobile\" style=\"background-color:#5cbe4a\"><a href=\"https:\/\/api.whatsapp.com\/send?text=https%3A%2F%2Fwww.zum.de%2Fportal%2Fh5p-hamburg-community-event-2026-quo-vadis-h5p%2F%20H5P%20Hamburg%20Community%20Event%202026%3A%20Quo%20vadis%2C%20H5P%3F\" title=\"Bei Whatsapp teilen\" aria-label=\"Bei Whatsapp teilen\" role=\"button\" rel=\"noopener nofollow\" class=\"shariff-link\" style=\"; background-color:#34af23; color:#fff\" target=\"_blank\"><span class=\"shariff-icon\" style=\"\"><svg width=\"32px\" height=\"20px\" xmlns=\"http:\/\/www.w3.org\/2000\/svg\" viewBox=\"0 0 32 32\"><path fill=\"#34af23\" d=\"M17.6 17.4q0.2 0 1.7 0.8t1.6 0.9q0 0.1 0 0.3 0 0.6-0.3 1.4-0.3 0.7-1.3 1.2t-1.8 0.5q-1 0-3.4-1.1-1.7-0.8-3-2.1t-2.6-3.3q-1.3-1.9-1.3-3.5v-0.1q0.1-1.6 1.3-2.8 0.4-0.4 0.9-0.4 0.1 0 0.3 0t0.3 0q0.3 0 0.5 0.1t0.3 0.5q0.1 0.4 0.6 1.6t0.4 1.3q0 0.4-0.6 1t-0.6 0.8q0 0.1 0.1 0.3 0.6 1.3 1.8 2.4 1 0.9 2.7 1.8 0.2 0.1 0.4 0.1 0.3 0 1-0.9t0.9-0.9zM14 26.9q2.3 0 4.3-0.9t3.6-2.4 2.4-3.6 0.9-4.3-0.9-4.3-2.4-3.6-3.6-2.4-4.3-0.9-4.3 0.9-3.6 2.4-2.4 3.6-0.9 4.3q0 3.6 2.1 6.6l-1.4 4.2 4.3-1.4q2.8 1.9 6.2 1.9zM14 2.2q2.7 0 5.2 1.1t4.3 2.9 2.9 4.3 1.1 5.2-1.1 5.2-2.9 4.3-4.3 2.9-5.2 1.1q-3.5 0-6.5-1.7l-7.4 2.4 2.4-7.2q-1.9-3.2-1.9-6.9 0-2.7 1.1-5.2t2.9-4.3 4.3-2.9 5.2-1.1z\"\/><\/svg><\/span><\/a><\/li><li class=\"shariff-button mailto shariff-nocustomcolor\" style=\"background-color:#a8a8a8\"><a href=\"mailto:?body=https%3A%2F%2Fwww.zum.de%2Fportal%2Fh5p-hamburg-community-event-2026-quo-vadis-h5p%2F&subject=H5P%20Hamburg%20Community%20Event%202026%3A%20Quo%20vadis%2C%20H5P%3F\" title=\"Per E-Mail versenden\" aria-label=\"Per E-Mail versenden\" role=\"button\" rel=\"noopener nofollow\" class=\"shariff-link\" style=\"; background-color:#999; color:#fff\"><span class=\"shariff-icon\" style=\"\"><svg width=\"32px\" height=\"20px\" xmlns=\"http:\/\/www.w3.org\/2000\/svg\" viewBox=\"0 0 32 32\"><path fill=\"#999\" d=\"M32 12.7v14.2q0 1.2-0.8 2t-2 0.9h-26.3q-1.2 0-2-0.9t-0.8-2v-14.2q0.8 0.9 1.8 1.6 6.5 4.4 8.9 6.1 1 0.8 1.6 1.2t1.7 0.9 2 0.4h0.1q0.9 0 2-0.4t1.7-0.9 1.6-1.2q3-2.2 8.9-6.1 1-0.7 1.8-1.6zM32 7.4q0 1.4-0.9 2.7t-2.2 2.2q-6.7 4.7-8.4 5.8-0.2 0.1-0.7 0.5t-1 0.7-0.9 0.6-1.1 0.5-0.9 0.2h-0.1q-0.4 0-0.9-0.2t-1.1-0.5-0.9-0.6-1-0.7-0.7-0.5q-1.6-1.1-4.7-3.2t-3.6-2.6q-1.1-0.7-2.1-2t-1-2.5q0-1.4 0.7-2.3t2.1-0.9h26.3q1.2 0 2 0.8t0.9 2z\"\/><\/svg><\/span><\/a><\/li><\/ul><\/div>","protected":false},"excerpt":{"rendered":"<p>Nach dem ersten Hamburger H5P Happening 2025 \u2013 organisiert von Oliver Tacke \u2013 folgte in diesem Jahr die offizielle Einladung durch die H5P Group. Das Interesse war gro\u00df: Ein internationales [&hellip;]<\/p>\n","protected":false},"author":278,"featured_media":51687,"comment_status":"closed","ping_status":"open","sticky":false,"template":"","format":"standard","meta":{"_acf_changed":false,"gastautor_name":"","gastautor_foto":"","gastautor_funktion":"","gastautor_beschreibung":"","gastautor_css":"","testimonial_foto":"","testimonial_funktion":"","testimonial_zitat":"","testimonial_css":"","zum_angebot_logo":"","zum_angebot_farbe":"","zum_angebot_link":"","zum_angebot_beschreibung":"","myguten_meta_block_field":"","footnotes":""},"categories":[1],"tags":[],"class_list":["post-51686","post","type-post","status-publish","format-standard","has-post-thumbnail","hentry","category-allgemein"],"acf":{"gastbeitrag":"0","titel_name":"","foto_gast":"","beschreibung_des_gastautor":""},"_links":{"self":[{"href":"https:\/\/www.zum.de\/portal\/wp-json\/wp\/v2\/posts\/51686","targetHints":{"allow":["GET"]}}],"collection":[{"href":"https:\/\/www.zum.de\/portal\/wp-json\/wp\/v2\/posts"}],"about":[{"href":"https:\/\/www.zum.de\/portal\/wp-json\/wp\/v2\/types\/post"}],"author":[{"embeddable":true,"href":"https:\/\/www.zum.de\/portal\/wp-json\/wp\/v2\/users\/278"}],"replies":[{"embeddable":true,"href":"https:\/\/www.zum.de\/portal\/wp-json\/wp\/v2\/comments?post=51686"}],"version-history":[{"count":16,"href":"https:\/\/www.zum.de\/portal\/wp-json\/wp\/v2\/posts\/51686\/revisions"}],"predecessor-version":[{"id":51765,"href":"https:\/\/www.zum.de\/portal\/wp-json\/wp\/v2\/posts\/51686\/revisions\/51765"}],"wp:featuredmedia":[{"embeddable":true,"href":"https:\/\/www.zum.de\/portal\/wp-json\/wp\/v2\/media\/51687"}],"wp:attachment":[{"href":"https:\/\/www.zum.de\/portal\/wp-json\/wp\/v2\/media?parent=51686"}],"wp:term":[{"taxonomy":"category","embeddable":true,"href":"https:\/\/www.zum.de\/portal\/wp-json\/wp\/v2\/categories?post=51686"},{"taxonomy":"post_tag","embeddable":true,"href":"https:\/\/www.zum.de\/portal\/wp-json\/wp\/v2\/tags?post=51686"}],"curies":[{"name":"wp","href":"https:\/\/api.w.org\/{rel}","templated":true}]}}