{"id":52221,"date":"2026-03-28T11:09:28","date_gmt":"2026-03-28T10:09:28","guid":{"rendered":"https:\/\/www.zum.de\/portal\/?p=52221"},"modified":"2026-03-30T09:06:20","modified_gmt":"2026-03-30T07:06:20","slug":"zum-workshop-2026-in-wuerzburg-48-stunden-oer-pur","status":"publish","type":"post","link":"https:\/\/www.zum.de\/portal\/zum-workshop-2026-in-wuerzburg-48-stunden-oer-pur\/","title":{"rendered":"ZUM-Workshop 2026 in W\u00fcrzburg: 48 Stunden OER pur"},"content":{"rendered":"\n<p>Das vorletzte M\u00e4rzwochenende stand ganz im Zeichen von interaktiven \u00dcbungen, konkreten Unterrichtsmaterialien und der Organisation von OER-Inhalten. \u00dcber 20 Lehrkr\u00e4fte und OER-Enthusiast:innen reisten daf\u00fcr aus ganz Deutschland nach W\u00fcrzburg \u2013 mit einem klaren Motto: \u201eBack to the Roots\u201c. Und das nicht ohne Grund: In den letzten Jahren hatte sich die ZUM-Community oft mit strukturellen Aufgaben besch\u00e4ftigt \u2013 wichtigen, aber zeitintensiven Herausforderungen, die vom eigentlichen Kern ablenkten. Nun ging es zur\u00fcck zu den Wurzeln: zum gemeinsamen Erschaffen freier Bildungsmaterialien!<\/p>\n\n\n\n<h4 class=\"wp-block-heading\">Freitag: Ankommen und Vernetzen<\/h4>\n\n\n<div class=\"wp-block-image\">\n<figure class=\"alignright size-full is-resized\"><img loading=\"lazy\" decoding=\"async\" width=\"756\" height=\"1008\" src=\"https:\/\/www.zum.de\/portal\/wp-content\/uploads\/ZUM-Likeur-1.jpg\" alt=\"\" class=\"wp-image-52226\" style=\"width:200px\" srcset=\"https:\/\/www.zum.de\/portal\/wp-content\/uploads\/ZUM-Likeur-1.jpg 756w, https:\/\/www.zum.de\/portal\/wp-content\/uploads\/ZUM-Likeur-1-225x300.jpg 225w, https:\/\/www.zum.de\/portal\/wp-content\/uploads\/ZUM-Likeur-1-600x800.jpg 600w, https:\/\/www.zum.de\/portal\/wp-content\/uploads\/ZUM-Likeur-1-675x900.jpg 675w\" sizes=\"auto, (max-width: 756px) 100vw, 756px\" \/><figcaption class=\"wp-element-caption\">Nat\u00fcrlich mit dabei: der ZUM-LikOER<\/figcaption><\/figure>\n<\/div>\n\n\n<p>Schon beim gem\u00fctlichen Abendessen am Mainufer entstanden erste Gespr\u00e4che. Unbekannte wurden zu Kolleg:innen, spontane Kooperationen bahnten sich an. Genau deshalb sind Pr\u00e4senztreffen so wertvoll: Sie schaffen Raum f\u00fcr pers\u00f6nlichen Austausch und Vernetzung \u2013 abseits der Bildschirme<\/p>\n\n\n\n<h4 class=\"wp-block-heading\">Samstag &amp; Sonntag: F\u00fcnf intensive Arbeitsphasen<\/h4>\n\n\n\n<p>Der Samstag begann mit einer gro\u00dfen Begr\u00fc\u00dfungsrunde, in der alle ihre Ziele und W\u00fcnsche teilten. Dann ging es direkt in die Arbeitsgruppen:<\/p>\n\n\n\n<ul class=\"wp-block-list\">\n<li><b>ZUM Deutsch Lernen (DaZ\/DaF)<\/b><br>Ralf und Karl entwickelten mit dem Gl\u00fccksrad (f\u00fcr Sprachanl\u00e4sse) und dem Verb-Trainer (f\u00fcr grammatikalische Herausforderungen) neue Tools f\u00fcr DaZ-Lehrkr\u00e4fte. Beide Anwendungen werden bald im \u201eZUM-Tools\u201c-Angebot verf\u00fcgbar sein \u2013 webbasiert, frei und datenschutzkonform.<\/li>\n\n\n\n<li><b>ZUM Grundschule<\/b><br>Das Grundschul-Team mit Kathi und Tina arbeitete konzentriert: Tina optimierte die Seitenstruktur der Wortmaus und sammelte Ideen f\u00fcr deren Weiterentwicklung. Kathi \u00fcberarbeitete das Grundschulportal \u2013 mit neuem Design, intuitiver Navigation und klaren Kategorien.<\/li>\n\n\n\n<li><b>ZUM Unterrichten (Lernpfade, Materialien, Unterrichtsideen)<\/b><br>Mandy und Sabine strukturierten die Bereiche Religion, Islam und Christentum neu und erstellten die Seite Hinduismus. Dazu kamen eine Unterrichtseinheit zu Tierbeschreibungen und die brandneue Seite \u201ePhilosophinnen\u201c. Das ZUM-Unterrichten-Team war nicht zu bremsen!<\/li>\n\n\n\n<li><b>ZUM-Apps (H5P \u2013 interaktive \u00dcbungen)<\/b><br>Im Fokus standen dieses Jahr H5P-Dateien f\u00fcr die berufliche Bildung:<\/li>\n\n\n\n<li><b>Wirtschaft &amp; Verwaltung<\/b><br>Martin und Falk ver\u00f6ffentlichten zahlreiche Einheiten \u2013 ein echtes \u201eBildungssprint\u201c-Tandem!<\/li>\n\n\n\n<li><b>Gesundheit &amp; Soziales:<\/b><br>Larissa und Bettina entwickelten innovative Ans\u00e4tze f\u00fcr Hochschulen (die noch etwas Feinschliff brauchen).<\/li>\n\n\n\n<li>Alle Teilnehmenden ver\u00f6ffentlichten ihre Materialien auf <a href=\"https:\/\/apps.zum.de\/\">ZUM-Apps<\/a> unter dem Tag ZUMWorkshop2026.<\/li>\n<\/ul>\n\n\n\n<p><br><\/p>\n\n\n\n<h4 class=\"wp-block-heading\">Die OER-Community im Austausch<\/h4>\n\n\n<div class=\"wp-block-image\">\n<figure class=\"alignright size-full is-resized\"><img loading=\"lazy\" decoding=\"async\" width=\"1024\" height=\"769\" src=\"https:\/\/www.zum.de\/portal\/wp-content\/uploads\/workshops26_2.jpg\" alt=\"\" class=\"wp-image-52227\" style=\"width:400px\" srcset=\"https:\/\/www.zum.de\/portal\/wp-content\/uploads\/workshops26_2.jpg 1024w, https:\/\/www.zum.de\/portal\/wp-content\/uploads\/workshops26_2-300x225.jpg 300w, https:\/\/www.zum.de\/portal\/wp-content\/uploads\/workshops26_2-768x577.jpg 768w, https:\/\/www.zum.de\/portal\/wp-content\/uploads\/workshops26_2-800x600.jpg 800w\" sizes=\"auto, (max-width: 1024px) 100vw, 1024px\" \/><figcaption class=\"wp-element-caption\">Und auch die #Moodlebande war dabei!<\/figcaption><\/figure>\n<\/div>\n\n\n<p>Was machte den Workshop so besonders? Nicht nur die inhaltliche Arbeit, sondern die spontane Zusammenarbeit in den Pausen. Erfahrene Mitglieder teilten ihr Know-how \u2013 etwa zu Vektorgrafiken oder der Erweiterung von H5P-Dateien zu vollst\u00e4ndigen Lernpfaden. Ein Highlight: Karl und Ralf nutzten KI-Unterst\u00fctzung, um zwei konkrete Tools f\u00fcr DaF-Lehrkr\u00e4fte zu entwickeln. Selbst beim abendlichen Spaziergang am Mainufer wurden noch Ideen und Ansichten ausgetauscht.<\/p>\n\n\n\n<h4 class=\"wp-block-heading\">Ein fester Termin im OER-Kalender<\/h4>\n\n\n\n<p>Am Sonntagmittag endete der Workshop mit einer Zusammenfassung und einem R\u00fcckblick. Alle fuhren motiviert, inspiriert und mit neuen Kontakten nach Hause. 48 Stunden ZUM-Workshop sind mehr als eine OER-Werkstatt: Sie sind ein Gemeinschaftserlebnis, das die deutschsprachige OER-Community seit \u00fcber 20 Jahren st\u00e4rkt.<\/p>\n\n\n\n<p>Unter #ZUM26 teilt die ZUM in den n\u00e4chsten Wochen Eindr\u00fccke und Ergebnisse. Hier schon mal zwei Links zu den YouTube-Videos von Mandy:<\/p>\n\n\n\n<ul class=\"wp-block-list\">\n<li><a href=\"https:\/\/youtube.com\/shorts\/o0vxK1VpS5M\">Workshop-Tag 1<\/a><\/li>\n\n\n\n<li><a href=\"https:\/\/youtube.com\/shorts\/VVg1-tG1ens\">Workshop-Tag 2<\/a><\/li>\n<\/ul>\n\n\n\n<p>Mit freundlichen Gr\u00fc\u00dfen<br><i>Patrick Oberd\u00f6rfer<\/i><\/p>\n\n\n\n<p><a href=\"https:\/\/oerinfluencer.de\/2026\/03\/26\/zum-workshop-2026\/\">Zuerst ver\u00f6ffentlicht bei OER-Influencer<\/a><\/p>\n<div class=\"shariff shariff-align-flex-start shariff-widget-align-flex-start\" style=\"display:none\" data-url=\"https%3A%2F%2Fwww.zum.de%2Fportal%2Fzum-workshop-2026-in-wuerzburg-48-stunden-oer-pur%2F\" data-timestamp=\"1774861580\" data-backendurl=\"https:\/\/www.zum.de\/portal\/wp-json\/shariff\/v1\/share_counts?\"><div class=\"ShariffHeadline\">Teilen<\/div><ul class=\"shariff-buttons theme-round orientation-horizontal buttonsize-medium\"><li class=\"shariff-button whatsapp shariff-nocustomcolor shariff-mobile\" style=\"background-color:#5cbe4a\"><a href=\"https:\/\/api.whatsapp.com\/send?text=https%3A%2F%2Fwww.zum.de%2Fportal%2Fzum-workshop-2026-in-wuerzburg-48-stunden-oer-pur%2F%20ZUM-Workshop%202026%20in%20W%C3%BCrzburg%3A%2048%20Stunden%20OER%20pur\" title=\"Bei Whatsapp teilen\" aria-label=\"Bei Whatsapp teilen\" role=\"button\" rel=\"noopener nofollow\" class=\"shariff-link\" style=\"; background-color:#34af23; color:#fff\" target=\"_blank\"><span class=\"shariff-icon\" style=\"\"><svg width=\"32px\" height=\"20px\" xmlns=\"http:\/\/www.w3.org\/2000\/svg\" viewBox=\"0 0 32 32\"><path fill=\"#34af23\" d=\"M17.6 17.4q0.2 0 1.7 0.8t1.6 0.9q0 0.1 0 0.3 0 0.6-0.3 1.4-0.3 0.7-1.3 1.2t-1.8 0.5q-1 0-3.4-1.1-1.7-0.8-3-2.1t-2.6-3.3q-1.3-1.9-1.3-3.5v-0.1q0.1-1.6 1.3-2.8 0.4-0.4 0.9-0.4 0.1 0 0.3 0t0.3 0q0.3 0 0.5 0.1t0.3 0.5q0.1 0.4 0.6 1.6t0.4 1.3q0 0.4-0.6 1t-0.6 0.8q0 0.1 0.1 0.3 0.6 1.3 1.8 2.4 1 0.9 2.7 1.8 0.2 0.1 0.4 0.1 0.3 0 1-0.9t0.9-0.9zM14 26.9q2.3 0 4.3-0.9t3.6-2.4 2.4-3.6 0.9-4.3-0.9-4.3-2.4-3.6-3.6-2.4-4.3-0.9-4.3 0.9-3.6 2.4-2.4 3.6-0.9 4.3q0 3.6 2.1 6.6l-1.4 4.2 4.3-1.4q2.8 1.9 6.2 1.9zM14 2.2q2.7 0 5.2 1.1t4.3 2.9 2.9 4.3 1.1 5.2-1.1 5.2-2.9 4.3-4.3 2.9-5.2 1.1q-3.5 0-6.5-1.7l-7.4 2.4 2.4-7.2q-1.9-3.2-1.9-6.9 0-2.7 1.1-5.2t2.9-4.3 4.3-2.9 5.2-1.1z\"\/><\/svg><\/span><\/a><\/li><li class=\"shariff-button mailto shariff-nocustomcolor\" style=\"background-color:#a8a8a8\"><a href=\"mailto:?body=https%3A%2F%2Fwww.zum.de%2Fportal%2Fzum-workshop-2026-in-wuerzburg-48-stunden-oer-pur%2F&subject=ZUM-Workshop%202026%20in%20W%C3%BCrzburg%3A%2048%20Stunden%20OER%20pur\" title=\"Per E-Mail versenden\" aria-label=\"Per E-Mail versenden\" role=\"button\" rel=\"noopener nofollow\" class=\"shariff-link\" style=\"; background-color:#999; color:#fff\"><span class=\"shariff-icon\" style=\"\"><svg width=\"32px\" height=\"20px\" xmlns=\"http:\/\/www.w3.org\/2000\/svg\" viewBox=\"0 0 32 32\"><path fill=\"#999\" d=\"M32 12.7v14.2q0 1.2-0.8 2t-2 0.9h-26.3q-1.2 0-2-0.9t-0.8-2v-14.2q0.8 0.9 1.8 1.6 6.5 4.4 8.9 6.1 1 0.8 1.6 1.2t1.7 0.9 2 0.4h0.1q0.9 0 2-0.4t1.7-0.9 1.6-1.2q3-2.2 8.9-6.1 1-0.7 1.8-1.6zM32 7.4q0 1.4-0.9 2.7t-2.2 2.2q-6.7 4.7-8.4 5.8-0.2 0.1-0.7 0.5t-1 0.7-0.9 0.6-1.1 0.5-0.9 0.2h-0.1q-0.4 0-0.9-0.2t-1.1-0.5-0.9-0.6-1-0.7-0.7-0.5q-1.6-1.1-4.7-3.2t-3.6-2.6q-1.1-0.7-2.1-2t-1-2.5q0-1.4 0.7-2.3t2.1-0.9h26.3q1.2 0 2 0.8t0.9 2z\"\/><\/svg><\/span><\/a><\/li><\/ul><\/div>","protected":false},"excerpt":{"rendered":"<p>Das vorletzte M\u00e4rzwochenende stand ganz im Zeichen von interaktiven \u00dcbungen, konkreten Unterrichtsmaterialien und der Organisation von OER-Inhalten. \u00dcber 20 Lehrkr\u00e4fte und OER-Enthusiast:innen reisten daf\u00fcr aus ganz Deutschland nach W\u00fcrzburg \u2013 [&hellip;]<\/p>\n","protected":false},"author":278,"featured_media":52222,"comment_status":"closed","ping_status":"open","sticky":false,"template":"","format":"standard","meta":{"_acf_changed":false,"gastautor_name":"","gastautor_foto":"","gastautor_funktion":"","gastautor_beschreibung":"","gastautor_css":"","testimonial_foto":"","testimonial_funktion":"","testimonial_zitat":"","testimonial_css":"","zum_angebot_logo":"","zum_angebot_farbe":"","zum_angebot_link":"","zum_angebot_beschreibung":"","myguten_meta_block_field":"","footnotes":""},"categories":[1],"tags":[],"class_list":["post-52221","post","type-post","status-publish","format-standard","has-post-thumbnail","hentry","category-allgemein"],"acf":{"gastbeitrag":"0","titel_name":"","foto_gast":"","beschreibung_des_gastautor":""},"_links":{"self":[{"href":"https:\/\/www.zum.de\/portal\/wp-json\/wp\/v2\/posts\/52221","targetHints":{"allow":["GET"]}}],"collection":[{"href":"https:\/\/www.zum.de\/portal\/wp-json\/wp\/v2\/posts"}],"about":[{"href":"https:\/\/www.zum.de\/portal\/wp-json\/wp\/v2\/types\/post"}],"author":[{"embeddable":true,"href":"https:\/\/www.zum.de\/portal\/wp-json\/wp\/v2\/users\/278"}],"replies":[{"embeddable":true,"href":"https:\/\/www.zum.de\/portal\/wp-json\/wp\/v2\/comments?post=52221"}],"version-history":[{"count":11,"href":"https:\/\/www.zum.de\/portal\/wp-json\/wp\/v2\/posts\/52221\/revisions"}],"predecessor-version":[{"id":52294,"href":"https:\/\/www.zum.de\/portal\/wp-json\/wp\/v2\/posts\/52221\/revisions\/52294"}],"wp:featuredmedia":[{"embeddable":true,"href":"https:\/\/www.zum.de\/portal\/wp-json\/wp\/v2\/media\/52222"}],"wp:attachment":[{"href":"https:\/\/www.zum.de\/portal\/wp-json\/wp\/v2\/media?parent=52221"}],"wp:term":[{"taxonomy":"category","embeddable":true,"href":"https:\/\/www.zum.de\/portal\/wp-json\/wp\/v2\/categories?post=52221"},{"taxonomy":"post_tag","embeddable":true,"href":"https:\/\/www.zum.de\/portal\/wp-json\/wp\/v2\/tags?post=52221"}],"curies":[{"name":"wp","href":"https:\/\/api.w.org\/{rel}","templated":true}]}}