{"id":8850,"date":"2014-03-04T00:00:00","date_gmt":"2014-03-03T23:00:00","guid":{"rendered":"https:\/\/wp-test.zum.de\/blog\/karl-kirstde-und-karl-kirst-blog-der-zum-unity.html"},"modified":"2022-01-14T15:03:36","modified_gmt":"2022-01-14T14:03:36","slug":"karl-kirstde-und-karl-kirst-blog-der-zum-unity","status":"publish","type":"post","link":"https:\/\/www.zum.de\/portal\/karl-kirstde-und-karl-kirst-blog-der-zum-unity\/","title":{"rendered":"karl-kirst.de und Karl-Kirst-Blog in der ZUM-Unity"},"content":{"rendered":"<p><strong>Seit April 2010<\/strong> blogge ich in der in einer neuen Version auf <a href=\"http:\/\/www.mixxt.de\" rel=\"nofollow\">Mixxt.de<\/a> installierten <strong><a href=\"http:\/\/www.zum-unity.de\" rel=\"nofollow\">ZUM-Unity<\/a><\/strong>. Denn ich fand und finde es gut, in der ZUM-Unity nicht als Einzelner einen Blog zu betreiben, sondern mich dort in der Gemeinschaft verschiedener anderer bloggender Menschen zu befinden.&nbsp;<\/p>\n<p>In der ZUM-Unity sind u.a. folgende (bis heute aktiven) Blogs entstanden:<\/p>\n<ul>\n<li><a href=\"\/networks\/blog\/posts.Karl.Kirst\">Karl-Kirst-Blog<\/a> (06.04.2010)<\/li>\n<li><a href=\"\/networks\/blog\/posts.kdautel\">K. Dautel Weblog<\/a>&nbsp;(07.04.2010)<\/li>\n<li><a href=\"\/networks\/blog\/posts.Fontane44\">Fontane44<\/a>&nbsp;(13.04.2010)<\/li>\n<li><a href=\"\/networks\/blog\/posts.MandySchuetze\">Mandy Sch\u00fctze<\/a>&nbsp;(28.04.2010)<\/li>\n<li><a href=\"\/networks\/blog\/posts.ZUM-Team\">Das ZUM-Team bloggt<\/a> (11.05.2010)<\/li>\n<li><a href=\"\/networks\/blog\/posts.TNolte\">TNoltes p\u00e4dagogischer Irrgarten<\/a> (31.05.2010)<\/li>\n<li><a href=\"\/networks\/blog\/posts.HWJ\">Wesentliches und Unwesentliches &#8211; mein pers\u00f6nlicher Blickwinkel<\/a>&nbsp;(06.12.2012)<\/li>\n<\/ul>\n<p>Der Vorteil des gemeinsamen Bloggens in der ZUM-Unity ist, dass alle Blog-Beitr\u00e4ge gemeinsam auf der Startseite angezeigt werden, unabh\u00e4ngig davon, wer den jeweiligen Beitrag gerade geschrieben hat. Somit kann sich jeder gleicherma\u00dfen am gemeinsamen Blog beteiligen. Viel-Blogger und Wenig-Blogger tragen gleicherma\u00dfen dazu bei. Und gerade derjenige, der eher selten einen Blog-Beitrag schreibt, hat so die M\u00f6glichkeit, dass die eigenen Beitr\u00e4ge eher wahrgenommen werden als auf einer wom\u00f6glich kaum beachteten eigenen individuellen Blog-Website.<\/p>\n<p><strong>Warum (re)aktiviere ich jetzt meinen individuellen Blog auf karl-kirst.de?<\/strong><\/p>\n<p>Im gemeinsamen Blog in der ZUM-Unity habe ich bisher Beitr\u00e4ge ver\u00f6ffentlicht, die mir im Kontext der ZUM-Unity als relevant erschienen. Zunehmend hatte ich in letzter Zeit wiederholt das Bed\u00fcrfnis, einige Gedanken &quot;einfach so&quot; zu ver\u00f6ffentlichen. Damit meine ich spontane Gedanken, die durchaus auf Blogs \u00fcblich sind und die derjenige, der mir pers\u00f6nlich dabei folgen will, vielleicht auch interessant finden mag, die ich aber nicht all denjenigen zumuten m\u00f6chte, die die ZUM-Unity als Lehrer-Community sch\u00e4tzen.<\/p>\n<p>In meinem Blog auf <strong><a href=\"http:\/\/www.karl-kirst.de\/blog\/\" rel=\"nofollow\">karl-kirst.de<\/a><\/strong> werde ich also (unregelm\u00e4\u00dfig) Gedanken zu ganz unterschiedlichen Themen und in auch unterschiedlichen Formen \u00e4u\u00dfern.<\/p>\n<p>Im <strong><a href=\"\/networks\/blog\/posts.Karl.Kirst\">Karl-Kirst-Blog<\/a><\/strong> in der ZUM-Unity werde ich mich weiterhin zu schul- und lehrer-relevanten Themen \u00e4u\u00dfern.<\/p>\n<p>Wenn dies sinnvoll erscheint, werde ich einen Beitrag (wie diesen hier) in beiden Blogs ver\u00f6ffentlichen oder von einem Blog auf den anderen verweisen.<\/p>\n<div class=\"shariff shariff-align-flex-start shariff-widget-align-flex-start\" style=\"display:none\" data-url=\"https%3A%2F%2Fwww.zum.de%2Fportal%2Fkarl-kirstde-und-karl-kirst-blog-der-zum-unity%2F\" data-timestamp=\"1642172616\" data-backendurl=\"https:\/\/www.zum.de\/portal\/wp-json\/shariff\/v1\/share_counts?\"><div class=\"ShariffHeadline\">Teilen<\/div><ul class=\"shariff-buttons theme-round orientation-horizontal buttonsize-medium\"><li class=\"shariff-button whatsapp shariff-nocustomcolor shariff-mobile\" style=\"background-color:#5cbe4a\"><a href=\"https:\/\/api.whatsapp.com\/send?text=https%3A%2F%2Fwww.zum.de%2Fportal%2Fkarl-kirstde-und-karl-kirst-blog-der-zum-unity%2F%20karl-kirst.de%20und%20Karl-Kirst-Blog%20in%20der%20ZUM-Unity\" title=\"Bei Whatsapp teilen\" aria-label=\"Bei Whatsapp teilen\" role=\"button\" rel=\"noopener nofollow\" class=\"shariff-link\" style=\"; background-color:#34af23; color:#fff\" target=\"_blank\"><span class=\"shariff-icon\" style=\"\"><svg width=\"32px\" height=\"20px\" xmlns=\"http:\/\/www.w3.org\/2000\/svg\" viewBox=\"0 0 32 32\"><path fill=\"#34af23\" d=\"M17.6 17.4q0.2 0 1.7 0.8t1.6 0.9q0 0.1 0 0.3 0 0.6-0.3 1.4-0.3 0.7-1.3 1.2t-1.8 0.5q-1 0-3.4-1.1-1.7-0.8-3-2.1t-2.6-3.3q-1.3-1.9-1.3-3.5v-0.1q0.1-1.6 1.3-2.8 0.4-0.4 0.9-0.4 0.1 0 0.3 0t0.3 0q0.3 0 0.5 0.1t0.3 0.5q0.1 0.4 0.6 1.6t0.4 1.3q0 0.4-0.6 1t-0.6 0.8q0 0.1 0.1 0.3 0.6 1.3 1.8 2.4 1 0.9 2.7 1.8 0.2 0.1 0.4 0.1 0.3 0 1-0.9t0.9-0.9zM14 26.9q2.3 0 4.3-0.9t3.6-2.4 2.4-3.6 0.9-4.3-0.9-4.3-2.4-3.6-3.6-2.4-4.3-0.9-4.3 0.9-3.6 2.4-2.4 3.6-0.9 4.3q0 3.6 2.1 6.6l-1.4 4.2 4.3-1.4q2.8 1.9 6.2 1.9zM14 2.2q2.7 0 5.2 1.1t4.3 2.9 2.9 4.3 1.1 5.2-1.1 5.2-2.9 4.3-4.3 2.9-5.2 1.1q-3.5 0-6.5-1.7l-7.4 2.4 2.4-7.2q-1.9-3.2-1.9-6.9 0-2.7 1.1-5.2t2.9-4.3 4.3-2.9 5.2-1.1z\"\/><\/svg><\/span><\/a><\/li><li class=\"shariff-button mailto shariff-nocustomcolor\" style=\"background-color:#a8a8a8\"><a href=\"mailto:?body=https%3A%2F%2Fwww.zum.de%2Fportal%2Fkarl-kirstde-und-karl-kirst-blog-der-zum-unity%2F&subject=karl-kirst.de%20und%20Karl-Kirst-Blog%20in%20der%20ZUM-Unity\" title=\"Per E-Mail versenden\" aria-label=\"Per E-Mail versenden\" role=\"button\" rel=\"noopener nofollow\" class=\"shariff-link\" style=\"; background-color:#999; color:#fff\"><span class=\"shariff-icon\" style=\"\"><svg width=\"32px\" height=\"20px\" xmlns=\"http:\/\/www.w3.org\/2000\/svg\" viewBox=\"0 0 32 32\"><path fill=\"#999\" d=\"M32 12.7v14.2q0 1.2-0.8 2t-2 0.9h-26.3q-1.2 0-2-0.9t-0.8-2v-14.2q0.8 0.9 1.8 1.6 6.5 4.4 8.9 6.1 1 0.8 1.6 1.2t1.7 0.9 2 0.4h0.1q0.9 0 2-0.4t1.7-0.9 1.6-1.2q3-2.2 8.9-6.1 1-0.7 1.8-1.6zM32 7.4q0 1.4-0.9 2.7t-2.2 2.2q-6.7 4.7-8.4 5.8-0.2 0.1-0.7 0.5t-1 0.7-0.9 0.6-1.1 0.5-0.9 0.2h-0.1q-0.4 0-0.9-0.2t-1.1-0.5-0.9-0.6-1-0.7-0.7-0.5q-1.6-1.1-4.7-3.2t-3.6-2.6q-1.1-0.7-2.1-2t-1-2.5q0-1.4 0.7-2.3t2.1-0.9h26.3q1.2 0 2 0.8t0.9 2z\"\/><\/svg><\/span><\/a><\/li><\/ul><\/div>","protected":false},"excerpt":{"rendered":"<p>Seit April 2010 blogge ich in der in einer neuen Version auf Mixxt.de installierten ZUM-Unity. Denn ich fand und finde es gut, in der ZUM-Unity nicht als Einzelner einen Blog [&hellip;]<\/p>\n","protected":false},"author":279,"featured_media":0,"comment_status":"open","ping_status":"open","sticky":false,"template":"","format":"standard","meta":{"_acf_changed":false,"gastautor_name":"","gastautor_foto":"","gastautor_funktion":"","gastautor_beschreibung":"","gastautor_css":"","testimonial_foto":"","testimonial_funktion":"","testimonial_zitat":"","testimonial_css":"","zum_angebot_logo":"","zum_angebot_farbe":"","zum_angebot_link":"","zum_angebot_beschreibung":"","myguten_meta_block_field":"","footnotes":""},"categories":[],"tags":[15352,15351,15394,15393,15392,15391,15390,15389],"class_list":["post-8850","post","type-post","status-publish","format-standard","hentry","tag-blogs","tag-zum-unity","tag-lehrerblogs","tag-lehrerblog","tag-weblogs","tag-weblog","tag-karl-kirst-blog","tag-karl-kirst-de"],"acf":{"gastbeitrag":"","titel_name":"","foto_gast":null,"beschreibung_des_gastautor":""},"_links":{"self":[{"href":"https:\/\/www.zum.de\/portal\/wp-json\/wp\/v2\/posts\/8850","targetHints":{"allow":["GET"]}}],"collection":[{"href":"https:\/\/www.zum.de\/portal\/wp-json\/wp\/v2\/posts"}],"about":[{"href":"https:\/\/www.zum.de\/portal\/wp-json\/wp\/v2\/types\/post"}],"author":[{"embeddable":true,"href":"https:\/\/www.zum.de\/portal\/wp-json\/wp\/v2\/users\/279"}],"replies":[{"embeddable":true,"href":"https:\/\/www.zum.de\/portal\/wp-json\/wp\/v2\/comments?post=8850"}],"version-history":[{"count":1,"href":"https:\/\/www.zum.de\/portal\/wp-json\/wp\/v2\/posts\/8850\/revisions"}],"predecessor-version":[{"id":10909,"href":"https:\/\/www.zum.de\/portal\/wp-json\/wp\/v2\/posts\/8850\/revisions\/10909"}],"wp:attachment":[{"href":"https:\/\/www.zum.de\/portal\/wp-json\/wp\/v2\/media?parent=8850"}],"wp:term":[{"taxonomy":"category","embeddable":true,"href":"https:\/\/www.zum.de\/portal\/wp-json\/wp\/v2\/categories?post=8850"},{"taxonomy":"post_tag","embeddable":true,"href":"https:\/\/www.zum.de\/portal\/wp-json\/wp\/v2\/tags?post=8850"}],"curies":[{"name":"wp","href":"https:\/\/api.w.org\/{rel}","templated":true}]}}