{"id":9104,"date":"2016-03-07T06:30:00","date_gmt":"2016-03-07T05:30:00","guid":{"rendered":"https:\/\/wp-test.zum.de\/blog\/zum-interview-ralf-kloetzke.html"},"modified":"2022-01-14T15:03:24","modified_gmt":"2022-01-14T14:03:24","slug":"zum-interview-ralf-kloetzke","status":"publish","type":"post","link":"https:\/\/www.zum.de\/portal\/zum-interview-ralf-kloetzke\/","title":{"rendered":"ZUM-Interview: Ralf Kl\u00f6tzke"},"content":{"rendered":"<p><em>Herzlich willkommen zu unserem 35. ZUM-Interview. Heute stellen wir Ralf Kl\u00f6tzke vor, der gestern im Rahmen der <a href=\"http:\/\/dafwebkon.com\/\">DaFWEBKON<\/a>, einer Konferenz f\u00fcr Deutsch als Fremdsprache &#8211; Lehrer und Lerner,&nbsp;ein Webinar gehalten hat. Ralf <a href=\"https:\/\/landeskunde.wordpress.com\/\">bloggt <\/a>und <a href=\"https:\/\/twitter.com\/landeskunde\/\">twittert<\/a> auch \u00fcber diese Themen.<\/em><\/p>\n<p>&nbsp;<\/p>\n<p><strong>Stelle Dich bitte kurz vor: Wie alt bist Du, in welchem Bundesland lebst Du, wo arbeitest Du?<\/strong><\/p>\n<p>Ich bin Jahrgang 1966 und komme aus Sachsen.&nbsp;<\/p>\n<p>Nach meinem Referendariat&nbsp;arbeitete ich von 1997 bis 2010 als Bundesprogrammlehrer in Belarus und Ungarn. Seit 2011 bin ich als Experte f\u00fcr Unterricht am <a href=\"http:\/\/www.goethe.de\/ins\/hr\/de\/zag.html?wt_sc=kroatien\">Goethe-Institut Kroatien<\/a> in Zagreb t\u00e4tig. Zu meinen Aufgabengebieten geh\u00f6rt die DaF-Lehrer-Fortbildung und die Betreuung von 9 <a href=\"http:\/\/www.pasch-net.de\/par\/deindex.htm\">PASCH-Schulen<\/a> des Goethe-Instituts.<\/p>\n<p>&nbsp;<\/p>\n<p><strong>Wie bist Du auf die ZUM aufmerksam geworden? Seit wann bist Du dabei?<\/strong><\/p>\n<p>Nachdem ich 2006 erste Schritte mit kleineren Wiki-Projekten zum Thema Landeskunde und Deutsches Sprachdiplom (DSD) wagte, nahm ich auch Kontakt zum <a href=\"http:\/\/zum-wiki.de\">ZUM-Wiki<\/a> auf. Hier gab es besonders im DaF-Bereich sehr interessante Aktivit\u00e4ten. Auf den Seiten des Wikis konnte ich f\u00fcr die eigene (Wiki)Arbeit viele Anregungen gewinnen und stellte auch bald eigene Inhalte ein. Dabei gaben mir die Wiki-Experten <a href=\"http:\/\/www.zum.de\/portal\/blog\/zumteam\/achim-burgermeister-hinterl\u00e4sst-ein-gro\u00dfes-werk-ein-nachruf\">Achim Burgermeister<\/a> und <a href=\"http:\/\/www.zum.de\/portal\/blog\/zumteam\/zum-interview-karl-kirst\">Karl Kirst<\/a> wertvolle Hinweise. Auf dem <a href=\"http:\/\/wikis.zum.de\/zum\/ZUM.de\/ZUM-Workshop\/ZUM-Wiki-Seminar_2008\">ZUM-Wiki-Treffen 2008<\/a> entstand dann die Idee, das <a href=\"http:\/\/wikis.zum.de\/dsd\/\">DSD-Wiki<\/a> als eines der ersten Wikis in die&nbsp;<a href=\"http:\/\/www.wiki-family.de\">Wiki-Family<\/a> auf ZUM.de&nbsp;aufzunehmen. Sp\u00e4ter interessierte mich vor allem die Frage, wie es gelingen kann, Kolleginnen und Kollegen von der Mitarbeit im Wiki zu \u00fcberzeugen und ihnen einfache Zug\u00e4nge zu der Arbeit mit Wikis zu bieten. In diesem Zusammenhang entwickelte ich ein Konzept f\u00fcr den sogenannten <a href=\"http:\/\/wikis.zum.de\/zum\/ZUM-Wiki-F%C3%BChrerschein\">ZUM-Wiki-F\u00fchrerschein<\/a> auf ZUM.de&nbsp;und f\u00fchrte dazu weltweit Lehrerfortbildungen f\u00fcr das Goethe-Institut und die Zentralstelle f\u00fcr Auslandsschulwesen (ZfA) durch.<\/p>\n<p>&nbsp;<\/p>\n<p><strong>Wo arbeitest Du haupts\u00e4chlich auf den ZUM-Seiten? Welche sind DEINE ZUM-Seiten?<\/strong><\/p>\n<p>Zurzeit liegen meine Hauptaktivit\u00e4ten in 2 Wikis.&nbsp;<\/p>\n<p>Seit 2011 stelle ich Inhalte in das <a href=\"http:\/\/wikis.zum.de\/daf\/Hauptseite\">DaF-Wiki<\/a> ein. Das Wiki nutze ich auch als digitales Arbeitsblatt f\u00fcr die Lehrer-Fortbildung. Diese&nbsp;\u201eWikinare\u201c werden mithilfe des Wikis durchgef\u00fchrt. Sogenannte&nbsp;\u201eMasterkurse\u201c stehen jedem Interessierten nach dem OER-Prinzip zur Verf\u00fcgung, um daraus eigene Fortbildungen zu entwickeln.<\/p>\n<p>Die gesellschaftlichen Entwicklungen des letzten Jahres haben mich motiviert,&nbsp;mich pers\u00f6nlich zu engagieren. Als <a href=\"http:\/\/www.zum.de\/portal\/\u00fcber\/mitarbeit#mitgliedschaft\">Mitglied<\/a> des ZUM e.V. und da ich zurzeit nicht in Deutschland lebe, lag es nahe, am neuen Wiki-Portal <a href=\"http:\/\/wikis.zum.de\/willkommen\/Hauptseite\">zum-willkommen.de<\/a>&nbsp;mitzuarbeiten. Hier erstellte ich gemeinsam mit Karl Kirst das Konzept des Wikis und sammele mit weiteren Benutzern Lerninhalte f\u00fcr DaZ auf dem A1-Niveau.<\/p>\n<p>&nbsp;<\/p>\n<p><strong>Was motiviert Dich, bei der ZUM mitzumachen?<\/strong><\/p>\n<ul>\n<li>Lust am Neuen &#8211; immer wieder Ideen, wie man Wiki im Unterricht oder in der Fortbildung einsetzen k\u00f6nnte,<\/li>\n<li>das ZUM-Team &#8211; die \u00dcberzeugung, dass das Potenzial von Wikis noch nicht (richtig) erkannt und ausgereizt ist.<\/li>\n<\/ul>\n<p>&nbsp;<\/p>\n<p><strong>Deine 3 Klicktipps: Welche Seiten sollten wir uns im ZUM-Kosmos unbedingt etwas genauer anschauen und warum?<\/strong><\/p>\n<ol>\n<li>Das <a href=\"http:\/\/wikis.zum.de\/rmg\/Hauptseite\">Wiki des&nbsp;Regiomontanus-Gymnasiums Ha\u00dffurt&nbsp;<\/a>zeigt, dass Wikis und Schule funktionieren.<\/li>\n<li>Der&nbsp;<a href=\"http:\/\/wikis.zum.de\/dsd\/DaF-Wiki-Baukasten\">DaF-Wiki-Baukasten<\/a>&nbsp;bietet Unterrichtsideen nicht nur f\u00fcr dieses Wiki.<\/li>\n<li>Die&nbsp;<a href=\"http:\/\/wikis.zum.de\/daf\/Erste_Schritte\">Erste(n) Schritte&nbsp;im DaF-Wiki <\/a>bieten einen Einf\u00fchrungskurs in die Wiki-Welt.<\/li>\n<\/ol>\n<p>&nbsp;<\/p>\n<p><em>Vielen Dank, Ralf, f\u00fcr diesen umfangreichen Einblick in deine Arbeit!<\/em><\/p>\n<p><em>Mandy Sch\u00fctze<\/em><\/p>\n<div class=\"shariff shariff-align-flex-start shariff-widget-align-flex-start\" style=\"display:none\" data-url=\"https%3A%2F%2Fwww.zum.de%2Fportal%2Fzum-interview-ralf-kloetzke%2F\" data-timestamp=\"1642172604\" data-backendurl=\"https:\/\/www.zum.de\/portal\/wp-json\/shariff\/v1\/share_counts?\"><div class=\"ShariffHeadline\">Teilen<\/div><ul class=\"shariff-buttons theme-round orientation-horizontal buttonsize-medium\"><li class=\"shariff-button whatsapp shariff-nocustomcolor shariff-mobile\" style=\"background-color:#5cbe4a\"><a href=\"https:\/\/api.whatsapp.com\/send?text=https%3A%2F%2Fwww.zum.de%2Fportal%2Fzum-interview-ralf-kloetzke%2F%20ZUM-Interview%3A%20Ralf%20Kl%C3%B6tzke\" title=\"Bei Whatsapp teilen\" aria-label=\"Bei Whatsapp teilen\" role=\"button\" rel=\"noopener nofollow\" class=\"shariff-link\" style=\"; background-color:#34af23; color:#fff\" target=\"_blank\"><span class=\"shariff-icon\" style=\"\"><svg width=\"32px\" height=\"20px\" xmlns=\"http:\/\/www.w3.org\/2000\/svg\" viewBox=\"0 0 32 32\"><path fill=\"#34af23\" d=\"M17.6 17.4q0.2 0 1.7 0.8t1.6 0.9q0 0.1 0 0.3 0 0.6-0.3 1.4-0.3 0.7-1.3 1.2t-1.8 0.5q-1 0-3.4-1.1-1.7-0.8-3-2.1t-2.6-3.3q-1.3-1.9-1.3-3.5v-0.1q0.1-1.6 1.3-2.8 0.4-0.4 0.9-0.4 0.1 0 0.3 0t0.3 0q0.3 0 0.5 0.1t0.3 0.5q0.1 0.4 0.6 1.6t0.4 1.3q0 0.4-0.6 1t-0.6 0.8q0 0.1 0.1 0.3 0.6 1.3 1.8 2.4 1 0.9 2.7 1.8 0.2 0.1 0.4 0.1 0.3 0 1-0.9t0.9-0.9zM14 26.9q2.3 0 4.3-0.9t3.6-2.4 2.4-3.6 0.9-4.3-0.9-4.3-2.4-3.6-3.6-2.4-4.3-0.9-4.3 0.9-3.6 2.4-2.4 3.6-0.9 4.3q0 3.6 2.1 6.6l-1.4 4.2 4.3-1.4q2.8 1.9 6.2 1.9zM14 2.2q2.7 0 5.2 1.1t4.3 2.9 2.9 4.3 1.1 5.2-1.1 5.2-2.9 4.3-4.3 2.9-5.2 1.1q-3.5 0-6.5-1.7l-7.4 2.4 2.4-7.2q-1.9-3.2-1.9-6.9 0-2.7 1.1-5.2t2.9-4.3 4.3-2.9 5.2-1.1z\"\/><\/svg><\/span><\/a><\/li><li class=\"shariff-button mailto shariff-nocustomcolor\" style=\"background-color:#a8a8a8\"><a href=\"mailto:?body=https%3A%2F%2Fwww.zum.de%2Fportal%2Fzum-interview-ralf-kloetzke%2F&subject=ZUM-Interview%3A%20Ralf%20Kl%C3%B6tzke\" title=\"Per E-Mail versenden\" aria-label=\"Per E-Mail versenden\" role=\"button\" rel=\"noopener nofollow\" class=\"shariff-link\" style=\"; background-color:#999; color:#fff\"><span class=\"shariff-icon\" style=\"\"><svg width=\"32px\" height=\"20px\" xmlns=\"http:\/\/www.w3.org\/2000\/svg\" viewBox=\"0 0 32 32\"><path fill=\"#999\" d=\"M32 12.7v14.2q0 1.2-0.8 2t-2 0.9h-26.3q-1.2 0-2-0.9t-0.8-2v-14.2q0.8 0.9 1.8 1.6 6.5 4.4 8.9 6.1 1 0.8 1.6 1.2t1.7 0.9 2 0.4h0.1q0.9 0 2-0.4t1.7-0.9 1.6-1.2q3-2.2 8.9-6.1 1-0.7 1.8-1.6zM32 7.4q0 1.4-0.9 2.7t-2.2 2.2q-6.7 4.7-8.4 5.8-0.2 0.1-0.7 0.5t-1 0.7-0.9 0.6-1.1 0.5-0.9 0.2h-0.1q-0.4 0-0.9-0.2t-1.1-0.5-0.9-0.6-1-0.7-0.7-0.5q-1.6-1.1-4.7-3.2t-3.6-2.6q-1.1-0.7-2.1-2t-1-2.5q0-1.4 0.7-2.3t2.1-0.9h26.3q1.2 0 2 0.8t0.9 2z\"\/><\/svg><\/span><\/a><\/li><\/ul><\/div>","protected":false},"excerpt":{"rendered":"<p>Herzlich willkommen zu unserem 35. ZUM-Interview. Heute stellen wir Ralf Kl\u00f6tzke vor, der gestern im Rahmen der DaFWEBKON, einer Konferenz f\u00fcr Deutsch als Fremdsprache &#8211; Lehrer und Lerner,&nbsp;ein Webinar gehalten [&hellip;]<\/p>\n","protected":false},"author":278,"featured_media":9103,"comment_status":"open","ping_status":"open","sticky":false,"template":"","format":"standard","meta":{"_acf_changed":false,"gastautor_name":"","gastautor_foto":"","gastautor_funktion":"","gastautor_beschreibung":"","gastautor_css":"","testimonial_foto":"","testimonial_funktion":"","testimonial_zitat":"","testimonial_css":"","zum_angebot_logo":"","zum_angebot_farbe":"","zum_angebot_link":"","zum_angebot_beschreibung":"","myguten_meta_block_field":"","footnotes":""},"categories":[],"tags":[15798,15774,16084,15692,15540,16138,16179,16182,16183,16184,16185],"class_list":["post-9104","post","type-post","status-publish","format-standard","has-post-thumbnail","hentry","tag-dafwebkon","tag-daf","tag-daz","tag-zum-interview","tag-dsd-wiki","tag-zum-willkommen-de","tag-ralf-kloetzke","tag-daf-wiki","tag-kroatien","tag-goethe-institut","tag-wiki-fuehrerschein"],"acf":{"gastbeitrag":"0","titel_name":"","foto_gast":null,"beschreibung_des_gastautor":""},"_links":{"self":[{"href":"https:\/\/www.zum.de\/portal\/wp-json\/wp\/v2\/posts\/9104","targetHints":{"allow":["GET"]}}],"collection":[{"href":"https:\/\/www.zum.de\/portal\/wp-json\/wp\/v2\/posts"}],"about":[{"href":"https:\/\/www.zum.de\/portal\/wp-json\/wp\/v2\/types\/post"}],"author":[{"embeddable":true,"href":"https:\/\/www.zum.de\/portal\/wp-json\/wp\/v2\/users\/278"}],"replies":[{"embeddable":true,"href":"https:\/\/www.zum.de\/portal\/wp-json\/wp\/v2\/comments?post=9104"}],"version-history":[{"count":1,"href":"https:\/\/www.zum.de\/portal\/wp-json\/wp\/v2\/posts\/9104\/revisions"}],"predecessor-version":[{"id":10797,"href":"https:\/\/www.zum.de\/portal\/wp-json\/wp\/v2\/posts\/9104\/revisions\/10797"}],"wp:featuredmedia":[{"embeddable":true,"href":"https:\/\/www.zum.de\/portal\/wp-json\/wp\/v2\/media\/9103"}],"wp:attachment":[{"href":"https:\/\/www.zum.de\/portal\/wp-json\/wp\/v2\/media?parent=9104"}],"wp:term":[{"taxonomy":"category","embeddable":true,"href":"https:\/\/www.zum.de\/portal\/wp-json\/wp\/v2\/categories?post=9104"},{"taxonomy":"post_tag","embeddable":true,"href":"https:\/\/www.zum.de\/portal\/wp-json\/wp\/v2\/tags?post=9104"}],"curies":[{"name":"wp","href":"https:\/\/api.w.org\/{rel}","templated":true}]}}