{"id":9689,"date":"2021-01-01T12:06:20","date_gmt":"2021-01-01T11:06:20","guid":{"rendered":"https:\/\/wp-test.zum.de\/blog\/rueckblick-2020.html"},"modified":"2022-01-14T15:03:16","modified_gmt":"2022-01-14T14:03:16","slug":"rueckblick-2020","status":"publish","type":"post","link":"https:\/\/www.zum.de\/portal\/rueckblick-2020\/","title":{"rendered":"R\u00fcckblick 2020"},"content":{"rendered":"<p>Ein kleiner R\u00fcckblick auf 2020 aus ZUM-Sicht. Von <a href=\"https:\/\/www.zum.de\/portal\/blog\/ZUMTeam\/Das-war-2019\">2019 gab es auch einen R\u00fcckblick<\/a>.&nbsp;<\/p>\n<p>Das erste Quartal steht bei der ZUM traditionell unter dem Motto \u201eWorkshop-Vorbereitungen\u201c, denn normalerweise findet im Fr\u00fchling unser Workshop statt, bei dem meist drei Tage lang an verschiedenen ZUM-Projekten gearbeitet wird. In diesem Jahr sollte er etwas anders statt finden &#8211; als Bestandteil der OER-Werkstatt in Bad Wildbad. Daher hielt sich der Aufwand f\u00fcr Organisation f\u00fcr uns in Grenzen &#8211; ich musste \u201enur\u201c Mitglieder motivieren, sich anzumelden. Leider hielt bei mir und meiner Familie ein Magen-Darm-Virus Einzug, sodass ich nicht daran teil nehmen konnte. <a href=\"https:\/\/www.zum.de\/portal\/blog\/kdautel\/OERCamp-Werkstatt-und-OERkan-Sabine\">Klaus Dautel und weitere ZUM-Mitglieder waren aber dabei und schrieb dar\u00fcber<\/a>.<br \/>\nNormalerweise wird es danach erstmal bei uns ruhiger, weil das Schuljahr anzieht&nbsp; und wir uns um unsere eigenen Sch\u00fcler:innen und weniger um die ZUM k\u00fcmmern m\u00fcssen. Doch dieses Jahr war alles anders. Mit dem Beginn des Lockdowns wurden die Plattformen, die kollaborative Arbeit erm\u00f6glichen gest\u00fcrmt und digitales Unterrichtsmaterial stark nachgefragt. Ersteres hatte sehr gro\u00dfe Auswirkungen auf unser <a href=\"https:\/\/zumpad.zum.de\/\">ZUMPad<\/a>.&nbsp;Es musste auf einen neuen Server ziehen, nachdem es den Anforderungen nicht mehr gewachsen war.&nbsp;Die gro\u00dfe Nachfrage nach digitalen Unterrichtsmaterialien hatte vor allem zur Folge, dass unsere <a href=\"https:\/\/apps.zum.de\/\">H5P-Installation<\/a> mit Anmeldungen \u00fcberh\u00e4uft wurde.&nbsp;Unser geplantes Projekt f\u00fcr 2020 war eigentlich die \u00dcberarbeitung des ZUM-Portals. Das musste nun erstmal auf n\u00e4chstes Jahr verschoben werden. Dringender war es, das Urheberrechtsproblem nicht mehr manuell zu bek\u00e4mpfen. Und so gaben wir unserer <a href=\"https:\/\/idea-sketch.com\/\">Technik<\/a>, mit der wir schon viele Jahre zusammenarbeiten, den Auftrag, ein Urheberrechtsmodul zu entwickeln. Das Modul ging im November an den Start und erleichtert den Umgang mit nicht nachgewiesenen Bildquellen, eingescannten Buchseiten, etc. sehr erheblich.<\/p>\n<p>Eine weitere Folge der Corona-Pandemie war eine riesige Nachfrage bei der <a href=\"http:\/\/grundschulpost.de\/\">Grundschulpost<\/a>. Bereits Anfang des Jahres hatte Christian Schr\u00f6der, der ehrenamtlich die Technik unterst\u00fctzt, das Anlegen von Accounts erheblich vereinfacht.&nbsp;Im Zuge der Digitalisierung der L\u00e4nder wurden Schulclouds, etc. eingerichtet, f\u00fcr die die Kinder eine Mailadresse besitzen m\u00fcssen.&nbsp; Die zust\u00e4ndigen Kultusministerien hatten es vers\u00e4umt, das mitzudenken &#8230; so erlebten wir einen beispiellosen Ansturm, den niemand von uns bew\u00e4ltigen k\u00f6nnte, da die Mailadressen gegengecheckt werden m\u00fcssen, an zwei verschiedenen Stellen eingegeben und die entsprechenden zugeh\u00f6rigen Eltern- \/ Lehrer:innen-Daten zugewiesen werden m\u00fcssen. Nadine Anskeit, die f\u00fcr die Grundschulpost zust\u00e4ndig ist, schrieb auf alle Seiten, dass wir nur solche Mailadressen anlegen, die ein Grundschulprojekt zur Medienkompetenz durchf\u00fchren und keine, die nur f\u00fcr die Anmeldung bei einer landeseigenen Bildungsplattform gedacht sind. Das milderte den Ansturm etwas ab, f\u00fchrte allerdings dazu, dass einige Lehrer:innen die Aufgabe den Eltern \u00fcbertrug, ihre Kinder bei uns anzumelden. Das l\u00f6st das Problem nat\u00fcrlich nicht, sondern f\u00fchrt nur zu noch mehr Briefen bei uns.<\/p>\n<p>Auch <a href=\"https:\/\/unterrichten.zum.de\/wiki\/Hauptseite\">ZUM-Unterrichten<\/a> und das <a href=\"http:\/\/projektwiki.de\/\">Projektwiki<\/a> erhielten viele neue Anmeldungen. Neue Nutzer legen wir aber nur nach einer Einf\u00fchrung in die Plattform an, weil ansonsten die Nacharbeit bzw. Betreuung zu zeitintensiv ist.&nbsp;<\/p>\n<p>Die Schach-Plattform mussten wir leider in diesem Jahr schlie\u00dfen, nachdem Sicherheitsl\u00fccken in der Programmierung immer offenkundiger wurden und nur mit sehr gro\u00dfem Aufwand zu beheben gewesen w\u00e4ren.<\/p>\n<p>F\u00fcr <a href=\"https:\/\/deutsch-lernen.zum.de\/wiki\/Hauptseite\">ZUM-Deutsch-Lernen<\/a> hatten Karl Kirst und Ralf Kl\u00f6tzke, nachdem sie sich die HOOU-F\u00f6rderung gesichert hatten, eigentlich eine Reihe Workshops geplant. Doch auch die mussten leider ausfallen und die Mittel anderweitig eingesetzt werden. So wurde unter anderem ein neuer Inhaltstyp f\u00fcr H5P von Oliver Tacke erstellt. Neben dem Projektwiki wurde auch ZUM-Deutsch-Lernen von einer Fortbildung empfohlen und so gab es viele Anmeldungen, die es \u201enur mal ausprobieren\u201c sollten. Da bei solchen Aktionen leider kaum Nutzer h\u00e4ngen bleiben, ist es sehr viel zus\u00e4tzliche Arbeit und Betreuung, die von den Fortbildner:innen einfach so vorausgesetzt wird und durch uns zu leisten ist. Eine Vorwarnung an uns w\u00e4re bei solchen Anforderungen das mindeste (eine Spende f\u00fcr unsere Arbeit w\u00e4re auch nett.)<\/p>\n<p>Das <a href=\"https:\/\/klexikon.zum.de\/wiki\/Klexikon:Willkommen_im_Klexikon\">Klexikon<\/a> erlebte einen wunderbaren Besucher:innenansturm. Zudem suchen Michael Schulte und Ziko von Djik nach Finanzierungsmodellen f\u00fcr ihre Projektarbeit rund um das Klexikon. Neben dem Klexikon <a href=\"https:\/\/einfach.zum.de\/wiki\/Hauptseite\">in einfacher Sprache<\/a> gibt es inzwischen auch eine <a href=\"https:\/\/myklexikon.zum.de\/wiki\/Main_Page\">englische Version<\/a>. Eine Einbindung von Werbung wurde erwogen und verworfen, eine Spendenkamagne ist derzeit noch in Planung, au\u00dferdem weitere M\u00f6glichkeiten. Seid gespannt.<br \/>\nNachdem die Sommerpause vorbei ist, trifft sich normalerweise traditionell am letzten Ferienwochenende von BW und Bayern im September um das Mitgliedertreffen im November zu planen. Wir trafen uns im Vorstand online und entwarfen mehrere Szenarien. Nachdem der leichte Lockdown f\u00fcr November beschlossen war, mussten wir erneut umplanen und <a href=\"https:\/\/www.zum.de\/portal\/blog\/ZUMTeam\/Mitgliedertreffen-2020\">konnten einen sehr inspirierenden Nachmittag<\/a> gemeinsam online verleben.<\/p>\n<p>\nF\u00fcr 2021 haben wir nun einige Projekte offen, die liegen geblieben sind: eine Nutzerverwaltung f\u00fcrs ZUMPad, die Neugestaltung unseres Portals und ein Ticket-System f\u00fcr die interne Kommunikation (denn momentan kommen alle Mails bei mir an und ich muss sie verteilen &#8211; oder auch beantworten). Daneben werden weitere Verbesserungen an apps.zum.de, der Grundschulpost und an den Wikis anstehen. Au\u00dferdem versuche ich mich weiterhin f\u00fcr die ZUM beim <a href=\"https:\/\/buendnis-freie-bildung.de\/\">B\u00fcndnis freie Bildung<\/a> einzubringen. Wir werden sehen, was noch auf uns zu kommt.&nbsp;<br \/>\n&nbsp;<\/p>\n<p>Mandy Sch\u00fctze&nbsp;<\/p>\n<p>f\u00fcrs ZUMTeam<\/p>\n<p>&nbsp;<\/p>\n<p>&nbsp;<\/p>\n<p>War dieser Blogpost f\u00fcr dich hilfreich, interessant, inspirierend, motivierend, unterhaltend, o.\u00e4.? Die <a href=\"https:\/\/www.paypal.me\/ZUMTeam\">Kaffeekasse<\/a> freut sich &#8230;<\/p>\n<p><a href=\"https:\/\/www.paypal.me\/ZUMTeam\"><img decoding=\"async\" alt=\"\" class=\"image-float-right\" src=\"https:\/\/www.zum.de\/portal\/sites\/default\/files\/images\/blog\/Kaffeekasse%20Teaser.png\" style=\"height:182px; width:480px\" \/><\/a><\/p>\n<div class=\"shariff shariff-align-flex-start shariff-widget-align-flex-start\" style=\"display:none\" data-url=\"https%3A%2F%2Fwww.zum.de%2Fportal%2Frueckblick-2020%2F\" data-timestamp=\"1642172596\" data-backendurl=\"https:\/\/www.zum.de\/portal\/wp-json\/shariff\/v1\/share_counts?\"><div class=\"ShariffHeadline\">Teilen<\/div><ul class=\"shariff-buttons theme-round orientation-horizontal buttonsize-medium\"><li class=\"shariff-button whatsapp shariff-nocustomcolor shariff-mobile\" style=\"background-color:#5cbe4a\"><a href=\"https:\/\/api.whatsapp.com\/send?text=https%3A%2F%2Fwww.zum.de%2Fportal%2Frueckblick-2020%2F%20R%C3%BCckblick%202020\" title=\"Bei Whatsapp teilen\" aria-label=\"Bei Whatsapp teilen\" role=\"button\" rel=\"noopener nofollow\" class=\"shariff-link\" style=\"; background-color:#34af23; color:#fff\" target=\"_blank\"><span class=\"shariff-icon\" style=\"\"><svg width=\"32px\" height=\"20px\" xmlns=\"http:\/\/www.w3.org\/2000\/svg\" viewBox=\"0 0 32 32\"><path fill=\"#34af23\" d=\"M17.6 17.4q0.2 0 1.7 0.8t1.6 0.9q0 0.1 0 0.3 0 0.6-0.3 1.4-0.3 0.7-1.3 1.2t-1.8 0.5q-1 0-3.4-1.1-1.7-0.8-3-2.1t-2.6-3.3q-1.3-1.9-1.3-3.5v-0.1q0.1-1.6 1.3-2.8 0.4-0.4 0.9-0.4 0.1 0 0.3 0t0.3 0q0.3 0 0.5 0.1t0.3 0.5q0.1 0.4 0.6 1.6t0.4 1.3q0 0.4-0.6 1t-0.6 0.8q0 0.1 0.1 0.3 0.6 1.3 1.8 2.4 1 0.9 2.7 1.8 0.2 0.1 0.4 0.1 0.3 0 1-0.9t0.9-0.9zM14 26.9q2.3 0 4.3-0.9t3.6-2.4 2.4-3.6 0.9-4.3-0.9-4.3-2.4-3.6-3.6-2.4-4.3-0.9-4.3 0.9-3.6 2.4-2.4 3.6-0.9 4.3q0 3.6 2.1 6.6l-1.4 4.2 4.3-1.4q2.8 1.9 6.2 1.9zM14 2.2q2.7 0 5.2 1.1t4.3 2.9 2.9 4.3 1.1 5.2-1.1 5.2-2.9 4.3-4.3 2.9-5.2 1.1q-3.5 0-6.5-1.7l-7.4 2.4 2.4-7.2q-1.9-3.2-1.9-6.9 0-2.7 1.1-5.2t2.9-4.3 4.3-2.9 5.2-1.1z\"\/><\/svg><\/span><\/a><\/li><li class=\"shariff-button mailto shariff-nocustomcolor\" style=\"background-color:#a8a8a8\"><a href=\"mailto:?body=https%3A%2F%2Fwww.zum.de%2Fportal%2Frueckblick-2020%2F&subject=R%C3%BCckblick%202020\" title=\"Per E-Mail versenden\" aria-label=\"Per E-Mail versenden\" role=\"button\" rel=\"noopener nofollow\" class=\"shariff-link\" style=\"; background-color:#999; color:#fff\"><span class=\"shariff-icon\" style=\"\"><svg width=\"32px\" height=\"20px\" xmlns=\"http:\/\/www.w3.org\/2000\/svg\" viewBox=\"0 0 32 32\"><path fill=\"#999\" d=\"M32 12.7v14.2q0 1.2-0.8 2t-2 0.9h-26.3q-1.2 0-2-0.9t-0.8-2v-14.2q0.8 0.9 1.8 1.6 6.5 4.4 8.9 6.1 1 0.8 1.6 1.2t1.7 0.9 2 0.4h0.1q0.9 0 2-0.4t1.7-0.9 1.6-1.2q3-2.2 8.9-6.1 1-0.7 1.8-1.6zM32 7.4q0 1.4-0.9 2.7t-2.2 2.2q-6.7 4.7-8.4 5.8-0.2 0.1-0.7 0.5t-1 0.7-0.9 0.6-1.1 0.5-0.9 0.2h-0.1q-0.4 0-0.9-0.2t-1.1-0.5-0.9-0.6-1-0.7-0.7-0.5q-1.6-1.1-4.7-3.2t-3.6-2.6q-1.1-0.7-2.1-2t-1-2.5q0-1.4 0.7-2.3t2.1-0.9h26.3q1.2 0 2 0.8t0.9 2z\"\/><\/svg><\/span><\/a><\/li><\/ul><\/div>","protected":false},"excerpt":{"rendered":"<p>Ein kleiner R\u00fcckblick auf 2020 aus ZUM-Sicht. Von 2019 gab es auch einen R\u00fcckblick.&nbsp; Das erste Quartal steht bei der ZUM traditionell unter dem Motto \u201eWorkshop-Vorbereitungen\u201c, denn normalerweise findet im [&hellip;]<\/p>\n","protected":false},"author":278,"featured_media":9687,"comment_status":"open","ping_status":"open","sticky":false,"template":"","format":"standard","meta":{"_acf_changed":false,"gastautor_name":"","gastautor_foto":"","gastautor_funktion":"","gastautor_beschreibung":"","gastautor_css":"","testimonial_foto":"","testimonial_funktion":"","testimonial_zitat":"","testimonial_css":"","zum_angebot_logo":"","zum_angebot_farbe":"","zum_angebot_link":"","zum_angebot_beschreibung":"","myguten_meta_block_field":"","footnotes":""},"categories":[],"tags":[15795,15477,15359,15370,15522,15585,16420,16433,16197],"class_list":["post-9689","post","type-post","status-publish","format-standard","has-post-thumbnail","hentry","tag-klexikon","tag-grundschulpost","tag-oer","tag-projektwiki","tag-grundschule","tag-zumpad","tag-zum-deutsch-lernen","tag-zum-apps","tag-zum-unterrichten"],"acf":{"gastbeitrag":"0","titel_name":"","foto_gast":null,"beschreibung_des_gastautor":""},"_links":{"self":[{"href":"https:\/\/www.zum.de\/portal\/wp-json\/wp\/v2\/posts\/9689","targetHints":{"allow":["GET"]}}],"collection":[{"href":"https:\/\/www.zum.de\/portal\/wp-json\/wp\/v2\/posts"}],"about":[{"href":"https:\/\/www.zum.de\/portal\/wp-json\/wp\/v2\/types\/post"}],"author":[{"embeddable":true,"href":"https:\/\/www.zum.de\/portal\/wp-json\/wp\/v2\/users\/278"}],"replies":[{"embeddable":true,"href":"https:\/\/www.zum.de\/portal\/wp-json\/wp\/v2\/comments?post=9689"}],"version-history":[{"count":1,"href":"https:\/\/www.zum.de\/portal\/wp-json\/wp\/v2\/posts\/9689\/revisions"}],"predecessor-version":[{"id":10718,"href":"https:\/\/www.zum.de\/portal\/wp-json\/wp\/v2\/posts\/9689\/revisions\/10718"}],"wp:featuredmedia":[{"embeddable":true,"href":"https:\/\/www.zum.de\/portal\/wp-json\/wp\/v2\/media\/9687"}],"wp:attachment":[{"href":"https:\/\/www.zum.de\/portal\/wp-json\/wp\/v2\/media?parent=9689"}],"wp:term":[{"taxonomy":"category","embeddable":true,"href":"https:\/\/www.zum.de\/portal\/wp-json\/wp\/v2\/categories?post=9689"},{"taxonomy":"post_tag","embeddable":true,"href":"https:\/\/www.zum.de\/portal\/wp-json\/wp\/v2\/tags?post=9689"}],"curies":[{"name":"wp","href":"https:\/\/api.w.org\/{rel}","templated":true}]}}